{"id":1891,"date":"2024-04-20T12:37:00","date_gmt":"2024-04-20T10:37:00","guid":{"rendered":"https:\/\/www.efg-oldesloe.de\/wordpress\/?p=1891"},"modified":"2025-04-24T11:29:44","modified_gmt":"2025-04-24T09:29:44","slug":"andacht-dezember-2022","status":"publish","type":"post","link":"https:\/\/www.efg-oldesloe.de\/wordpress\/andacht-dezember-2022\/","title":{"rendered":"Andacht 2 Quartal 2024"},"content":{"rendered":"\t\t<div data-elementor-type=\"wp-post\" data-elementor-id=\"1891\" class=\"elementor elementor-1891\">\n\t\t\t\t\t\t<section class=\"elementor-section elementor-top-section elementor-element elementor-element-7aba03f7 elementor-section-boxed elementor-section-height-default elementor-section-height-default exad-glass-effect-no exad-sticky-section-no\" data-id=\"7aba03f7\" data-element_type=\"section\" data-e-type=\"section\">\n\t\t\t\t\t\t<div class=\"elementor-container elementor-column-gap-default\">\n\t\t\t\t\t<div class=\"elementor-column elementor-col-100 elementor-top-column elementor-element elementor-element-31cdb7bf exad-glass-effect-no exad-sticky-section-no\" data-id=\"31cdb7bf\" data-element_type=\"column\" data-e-type=\"column\">\n\t\t\t<div class=\"elementor-widget-wrap elementor-element-populated\">\n\t\t\t\t\t\t<div class=\"elementor-element elementor-element-e6b6073 exad-sticky-section-no exad-glass-effect-no elementor-widget elementor-widget-spacer\" data-id=\"e6b6073\" data-element_type=\"widget\" data-e-type=\"widget\" data-widget_type=\"spacer.default\">\n\t\t\t\t<div class=\"elementor-widget-container\">\n\t\t\t\t\t\t\t<div class=\"elementor-spacer\">\n\t\t\t<div class=\"elementor-spacer-inner\"><\/div>\n\t\t<\/div>\n\t\t\t\t\t\t<\/div>\n\t\t\t\t<\/div>\n\t\t\t\t<div class=\"elementor-element elementor-element-5129f2e2 exad-sticky-section-no exad-glass-effect-no elementor-widget elementor-widget-heading\" data-id=\"5129f2e2\" data-element_type=\"widget\" data-e-type=\"widget\" data-widget_type=\"heading.default\">\n\t\t\t\t<div class=\"elementor-widget-container\">\n\t\t\t\t\t<h2 class=\"elementor-heading-title elementor-size-default\">Andacht 2. Quartal 2024<\/h2>\t\t\t\t<\/div>\n\t\t\t\t<\/div>\n\t\t\t\t\t<\/div>\n\t\t<\/div>\n\t\t\t\t\t<\/div>\n\t\t<\/section>\n\t\t\t\t<section class=\"elementor-section elementor-top-section elementor-element elementor-element-2166a7a3 elementor-section-boxed elementor-section-height-default elementor-section-height-default exad-glass-effect-no exad-sticky-section-no\" data-id=\"2166a7a3\" data-element_type=\"section\" data-e-type=\"section\">\n\t\t\t\t\t\t<div class=\"elementor-container elementor-column-gap-default\">\n\t\t\t\t\t<div class=\"elementor-column elementor-col-50 elementor-top-column elementor-element elementor-element-5b751014 exad-glass-effect-no exad-sticky-section-no\" data-id=\"5b751014\" data-element_type=\"column\" data-e-type=\"column\">\n\t\t\t<div class=\"elementor-widget-wrap elementor-element-populated\">\n\t\t\t\t\t\t<div class=\"elementor-element elementor-element-2a899bbe exad-sticky-section-no exad-glass-effect-no elementor-widget elementor-widget-text-editor\" data-id=\"2a899bbe\" data-element_type=\"widget\" data-e-type=\"widget\" data-widget_type=\"text-editor.default\">\n\t\t\t\t<div class=\"elementor-widget-container\">\n\t\t\t\t\t\t\t\t\t<blockquote><p>Seid stets bereit, jedem Rede und Antwort zu stehen, der von euch Rechenschaft fordert \u00fcber die Hoffnung, die euch erf\u00fcllt.<\/p><p><a href=\"https:\/\/www.bibleserver.com\/EU\/1.Petrus3%2C15\"><strong>(1. Petrus 3,15 | Einheits\u00fcbersetzung)<\/strong><\/a><\/p><\/blockquote>\t\t\t\t\t\t\t\t<\/div>\n\t\t\t\t<\/div>\n\t\t\t\t<div class=\"elementor-element elementor-element-542bb508 exad-sticky-section-no exad-glass-effect-no elementor-widget elementor-widget-text-editor\" data-id=\"542bb508\" data-element_type=\"widget\" data-e-type=\"widget\" data-widget_type=\"text-editor.default\">\n\t\t\t\t<div class=\"elementor-widget-container\">\n\t\t\t\t\t\t\t\t\t<p>W\u00e4hrend ich diese Zeilen schreibe, ist es noch mitten in der Passionszeit. Einer Zeit, in der wir dem Leiden und Sterben Jesu besonders gedenken, um dann an Ostern seine Auferstehung zu feiern.<\/p><p>Und beim ersten Lesen des Monatsverses f\u00fcr den April war ich vollkommen herausgefordert. Das f\u00fchlte sich nicht stimmig an. Mir war bewusst, dass der Vers mich herausfordert, da es mir nicht so leichtf\u00e4llt, anderen Menschen zu erz\u00e4hlen, wieso ich glaube. Denn in so einer Situation habe ich h\u00e4ufig das Gef\u00fchl, unlogisches Zeug zu stammeln. Nur um mich dann anschlie\u00dfend zu \u00e4rgern, dass ich das viel besser, kl\u00fcger und \u00fcberzeugender machen h\u00e4tte k\u00f6nnen. Kennst du dieses Gef\u00fchl? Es ist kein sch\u00f6nes!<\/p><p>Aber wenn ich zum Beispiel an Ostersonntag denke, wo wir uns wieder gegenseitig mit dem Ausspruch: \u201eDer Herr ist auferstanden. &#8211; Er ist wahrhaftig auferstanden!\u201c begr\u00fc\u00dfen werden, f\u00fchlt es sich leicht und voller Freude an. Und im Prinzip fasst diese kleine Tradition unsere Hoffnung zusammen. Jesus lebt und weil wir gemeinsam erkannt haben, dass er die Hoffnung auf Herrlichkeit ist (Kolosser 1,27), f\u00e4llt es uns leicht es einander zu bezeugen. Denn in diesem Kontext brauchen wir uns keine Gedanken dar\u00fcber machen, dass jemand uns komisch anguckt oder sogar ablehnend reagieren wird. Wir f\u00fchlen uns sicher.<\/p><p>In meiner Zeit an der Bibelschule wurden uns Methoden beigebracht, wie wir von Jesus erz\u00e4hlen k\u00f6nnen. Aber bis auf einen Ratschlag, ist davon wenig h\u00e4ngengeblieben. Aber diesen Tipp m\u00f6chte ich dir nicht vorenthalten: Sei ehrlich und sei du selbst. Es ist zwar nicht der ultimative Plan, der uns alle Unsicherheiten nimmt, aber mittlerweile wei\u00df ich, dass er essenziell ist, um meinen Glauben bezeugen zu k\u00f6nnen.<\/p><p>Und das sehen wir auch in unserem Monatsvers. Allerding m\u00fcssen wir uns daf\u00fcr erst einmal den ersten Teil des Verses anschauen. In der Einheits\u00fcbersetzung hei\u00dft der ganze Vers wie folgt:<\/p><p><span style=\"color: #005a7a;\"><em>\u201e\u2026 heiligt vielmehr in eurem Herzen Christus, den Herrn! Seid stets bereit, jedem Rede und Antwort zu stehen, der von euch Rechenschaft fordert \u00fcber die Hoffnung, die euch erf\u00fcllt;\u201d 1. Petrus 3,15<\/em><\/span><\/p><p>Erst geht es n\u00e4mlich darum, Christus in unserem Herzen zu heiligen. Aber das klingt wenig hilfreich, in Bezug auf das Rede und Antwort stehen. Eine andere \u00dcbersetzung w\u00e4re laut der Elberfelder Studienbibel mit Sprachschl\u00fcssel, das Wort weihen. Welches laut Duden auch widmen bedeuten kann. Und hier liegt dann auch der Schl\u00fcssel, zum Verstehen und Anwenden des Monatsspruchs.<\/p><p>Es kommt erst auf unsere Beziehung mit Jesus, unserem Herrn an und wie viel Raum wir ihm aktuell in unserem Herzen widmen. <br \/>Vermutlich wei\u00df jeder, dass sich in unseren Herzen ein buntes Potpourri an Dingen befinden kann. Es passiert h\u00e4ufiger, als uns lieb ist, und ist auch eher ein unbewusster Prozess. Aber pl\u00f6tzlich ist das Herz mit Arbeit, Familie, Hobbys, aber manchmal auch mit Sorgen und N\u00f6ten gef\u00fcllt. Da die Zeit, in der wir leben, als wenig hoffnungsvoll dargestellt wird, ist das auch manchmal wenig verwunderlich. Aber ehrlich gesagt, ist es somit auch umso schwieriger. Denn im Vergleich zu den schlechten Nachrichten ist die gute Nachricht, das Evangelium, kein lauter, dystopischer Marktschreier, dessen Botschaft \u00fcberall verf\u00fcgbar ist. Jesus wirbt eher leise um unsere Herzen. Daher sollten wir die Priorisierung oder Gr\u00f6\u00dfenanteile mit denen wir unsere Herzen f\u00fcllen, im Blick behalten.<\/p><p>Denn je nachdem wie viel Herzensraum wir gerade Jesus zur Verf\u00fcgung stellen, desto schwieriger kann es sein, Auskunft \u00fcber unsere Hoffnung zu geben. Schon Jesus betonte, dass wovon das Herz voll ist, davon wird der Mund sprechen (Matth\u00e4us12,34; Lukas 6,45).<\/p><p>Deswegen lasst uns regelm\u00e4\u00dfig mithilfe des Heiligen Geistes in der Abgeschiedenheit eine Herzensinventur durchf\u00fchren. Aus eigener Erfahrung wei\u00df ich, dass es denn auch mit dem zweiten Teil des Monatsverses leichter werden wird.<\/p><p>Ich w\u00fcnsche dir Gottes reichen Segen und viele heilige Momente mit Jesus Christus, unserer Hoffnung.<\/p><p><span style=\"color: #005a7a;\"><em>Anja Schmitz<\/em><\/span><\/p>\t\t\t\t\t\t\t\t<\/div>\n\t\t\t\t<\/div>\n\t\t\t\t\t<\/div>\n\t\t<\/div>\n\t\t\t\t<div class=\"elementor-column elementor-col-50 elementor-top-column elementor-element elementor-element-12e01f4f exad-glass-effect-no exad-sticky-section-no\" data-id=\"12e01f4f\" data-element_type=\"column\" data-e-type=\"column\">\n\t\t\t<div class=\"elementor-widget-wrap elementor-element-populated\">\n\t\t\t\t\t\t<div class=\"elementor-element elementor-element-519dbf4e exad-sticky-section-no exad-glass-effect-no elementor-widget elementor-widget-image\" data-id=\"519dbf4e\" data-element_type=\"widget\" data-e-type=\"widget\" data-widget_type=\"image.default\">\n\t\t\t\t<div class=\"elementor-widget-container\">\n\t\t\t\t\t\t\t\t\t\t\t\t\t\t\t<img fetchpriority=\"high\" decoding=\"async\" width=\"768\" height=\"543\" src=\"https:\/\/www.efg-oldesloe.de\/wordpress\/wp-content\/uploads\/2024\/04\/Schaukasten2024-04-768x543.png\" class=\"attachment-medium_large size-medium_large wp-image-2858\" alt=\"\" srcset=\"https:\/\/www.efg-oldesloe.de\/wordpress\/wp-content\/uploads\/2024\/04\/Schaukasten2024-04-768x543.png 768w, https:\/\/www.efg-oldesloe.de\/wordpress\/wp-content\/uploads\/2024\/04\/Schaukasten2024-04-300x212.png 300w, https:\/\/www.efg-oldesloe.de\/wordpress\/wp-content\/uploads\/2024\/04\/Schaukasten2024-04-1024x724.png 1024w, https:\/\/www.efg-oldesloe.de\/wordpress\/wp-content\/uploads\/2024\/04\/Schaukasten2024-04-1536x1086.png 1536w, https:\/\/www.efg-oldesloe.de\/wordpress\/wp-content\/uploads\/2024\/04\/Schaukasten2024-04.png 1929w\" sizes=\"(max-width: 768px) 100vw, 768px\" \/>\t\t\t\t\t\t\t\t\t\t\t\t\t\t\t<\/div>\n\t\t\t\t<\/div>\n\t\t\t\t\t<\/div>\n\t\t<\/div>\n\t\t\t\t\t<\/div>\n\t\t<\/section>\n\t\t\t\t<section class=\"elementor-section elementor-top-section elementor-element elementor-element-08b71a5 elementor-section-boxed elementor-section-height-default elementor-section-height-default exad-glass-effect-no exad-sticky-section-no\" data-id=\"08b71a5\" data-element_type=\"section\" data-e-type=\"section\">\n\t\t\t\t\t\t<div class=\"elementor-container elementor-column-gap-default\">\n\t\t\t\t\t<div class=\"elementor-column elementor-col-100 elementor-top-column elementor-element elementor-element-f920d0f exad-glass-effect-no exad-sticky-section-no\" data-id=\"f920d0f\" data-element_type=\"column\" data-e-type=\"column\">\n\t\t\t<div class=\"elementor-widget-wrap\">\n\t\t\t\t\t\t\t<\/div>\n\t\t<\/div>\n\t\t\t\t\t<\/div>\n\t\t<\/section>\n\t\t\t\t<\/div>\n\t\t","protected":false},"excerpt":{"rendered":"<p>W\u00e4hrend ich diese Zeilen schreibe, ist es noch mitten in der Passionszeit. Einer Zeit, in der wir dem Leiden und Sterben Jesu besonders gedenken, um dann an Ostern seine Auferstehung zu feiern.<\/p>\n","protected":false},"author":1,"featured_media":2858,"comment_status":"closed","ping_status":"closed","sticky":false,"template":"","format":"standard","meta":{"ocean_post_layout":"","ocean_both_sidebars_style":"","ocean_both_sidebars_content_width":0,"ocean_both_sidebars_sidebars_width":0,"ocean_sidebar":"0","ocean_second_sidebar":"0","ocean_disable_margins":"enable","ocean_add_body_class":"","ocean_shortcode_before_top_bar":"","ocean_shortcode_after_top_bar":"","ocean_shortcode_before_header":"","ocean_shortcode_after_header":"","ocean_has_shortcode":"","ocean_shortcode_after_title":"","ocean_shortcode_before_footer_widgets":"","ocean_shortcode_after_footer_widgets":"","ocean_shortcode_before_footer_bottom":"","ocean_shortcode_after_footer_bottom":"","ocean_display_top_bar":"default","ocean_display_header":"default","ocean_header_style":"","ocean_center_header_left_menu":"0","ocean_custom_header_template":"0","ocean_custom_logo":0,"ocean_custom_retina_logo":0,"ocean_custom_logo_max_width":0,"ocean_custom_logo_tablet_max_width":0,"ocean_custom_logo_mobile_max_width":0,"ocean_custom_logo_max_height":0,"ocean_custom_logo_tablet_max_height":0,"ocean_custom_logo_mobile_max_height":0,"ocean_header_custom_menu":"0","ocean_menu_typo_font_family":"0","ocean_menu_typo_font_subset":"","ocean_menu_typo_font_size":0,"ocean_menu_typo_font_size_tablet":0,"ocean_menu_typo_font_size_mobile":0,"ocean_menu_typo_font_size_unit":"px","ocean_menu_typo_font_weight":"","ocean_menu_typo_font_weight_tablet":"","ocean_menu_typo_font_weight_mobile":"","ocean_menu_typo_transform":"","ocean_menu_typo_transform_tablet":"","ocean_menu_typo_transform_mobile":"","ocean_menu_typo_line_height":0,"ocean_menu_typo_line_height_tablet":0,"ocean_menu_typo_line_height_mobile":0,"ocean_menu_typo_line_height_unit":"","ocean_menu_typo_spacing":0,"ocean_menu_typo_spacing_tablet":0,"ocean_menu_typo_spacing_mobile":0,"ocean_menu_typo_spacing_unit":"","ocean_menu_link_color":"","ocean_menu_link_color_hover":"","ocean_menu_link_color_active":"","ocean_menu_link_background":"","ocean_menu_link_hover_background":"","ocean_menu_link_active_background":"","ocean_menu_social_links_bg":"","ocean_menu_social_hover_links_bg":"","ocean_menu_social_links_color":"","ocean_menu_social_hover_links_color":"","ocean_disable_title":"default","ocean_disable_heading":"default","ocean_post_title":"","ocean_post_subheading":"","ocean_post_title_style":"","ocean_post_title_background_color":"","ocean_post_title_background":0,"ocean_post_title_bg_image_position":"","ocean_post_title_bg_image_attachment":"","ocean_post_title_bg_image_repeat":"","ocean_post_title_bg_image_size":"","ocean_post_title_height":0,"ocean_post_title_bg_overlay":0.5,"ocean_post_title_bg_overlay_color":"","ocean_disable_breadcrumbs":"default","ocean_breadcrumbs_color":"","ocean_breadcrumbs_separator_color":"","ocean_breadcrumbs_links_color":"","ocean_breadcrumbs_links_hover_color":"","ocean_display_footer_widgets":"default","ocean_display_footer_bottom":"default","ocean_custom_footer_template":"0","ocean_post_oembed":"","ocean_post_self_hosted_media":"","ocean_post_video_embed":"","ocean_link_format":"","ocean_link_format_target":"self","ocean_quote_format":"","ocean_quote_format_link":"post","ocean_gallery_link_images":"off","ocean_gallery_id":[],"footnotes":""},"categories":[8],"tags":[],"class_list":["post-1891","post","type-post","status-publish","format-standard","has-post-thumbnail","hentry","category-monatsandacht","entry","has-media"],"_links":{"self":[{"href":"https:\/\/www.efg-oldesloe.de\/wordpress\/wp-json\/wp\/v2\/posts\/1891","targetHints":{"allow":["GET"]}}],"collection":[{"href":"https:\/\/www.efg-oldesloe.de\/wordpress\/wp-json\/wp\/v2\/posts"}],"about":[{"href":"https:\/\/www.efg-oldesloe.de\/wordpress\/wp-json\/wp\/v2\/types\/post"}],"author":[{"embeddable":true,"href":"https:\/\/www.efg-oldesloe.de\/wordpress\/wp-json\/wp\/v2\/users\/1"}],"replies":[{"embeddable":true,"href":"https:\/\/www.efg-oldesloe.de\/wordpress\/wp-json\/wp\/v2\/comments?post=1891"}],"version-history":[{"count":10,"href":"https:\/\/www.efg-oldesloe.de\/wordpress\/wp-json\/wp\/v2\/posts\/1891\/revisions"}],"predecessor-version":[{"id":2861,"href":"https:\/\/www.efg-oldesloe.de\/wordpress\/wp-json\/wp\/v2\/posts\/1891\/revisions\/2861"}],"wp:featuredmedia":[{"embeddable":true,"href":"https:\/\/www.efg-oldesloe.de\/wordpress\/wp-json\/wp\/v2\/media\/2858"}],"wp:attachment":[{"href":"https:\/\/www.efg-oldesloe.de\/wordpress\/wp-json\/wp\/v2\/media?parent=1891"}],"wp:term":[{"taxonomy":"category","embeddable":true,"href":"https:\/\/www.efg-oldesloe.de\/wordpress\/wp-json\/wp\/v2\/categories?post=1891"},{"taxonomy":"post_tag","embeddable":true,"href":"https:\/\/www.efg-oldesloe.de\/wordpress\/wp-json\/wp\/v2\/tags?post=1891"}],"curies":[{"name":"wp","href":"https:\/\/api.w.org\/{rel}","templated":true}]}}